{"id":10453,"date":"2016-11-14T16:29:49","date_gmt":"2016-11-14T16:29:49","guid":{"rendered":"http:\/\/mumtl.org\/?post_type=blogposts&#038;p=10453"},"modified":"2017-05-08T17:34:56","modified_gmt":"2017-05-08T17:34:56","slug":"elizabeth-ann-doyle-recipient-of-the-npo-manager-award-at-gala-des-femmes-daffaires-du-quebec-2016","status":"publish","type":"post","link":"https:\/\/mumtl.org\/en\/2016\/11\/elizabeth-ann-doyle-recipient-of-the-npo-manager-award-at-gala-des-femmes-daffaires-du-quebec-2016\/","title":{"rendered":"Elizabeth-Ann Doyle recipient of the NPO Manager Award at Gala des femmes d\u2019affaires du Qu\u00e9bec 2016."},"content":{"rendered":"<p><a title=\"Elizabeth-Ann Doyle, dop\u00e9e par son amour pour la culture\" href=\"https:\/\/www.lesaffaires.com\/dossier\/prix-femmes-d-affaires-du-quebec-2016\/elizabeth-ann-doyle-dopee-par-son-amour-pour-la-culture\/591507\" target=\"_blank\">Article in Les Affaires on Elizabeth-Ann and MU following this prize (in french).<\/a><\/p>\n","protected":false},"excerpt":{"rendered":"<p>Article in Les Affaires on Elizabeth-Ann and MU following this prize (in french).<\/p>\n","protected":false},"author":1,"featured_media":10452,"comment_status":"closed","ping_status":"closed","sticky":false,"template":"","format":"standard","meta":{"_acf_changed":false,"footnotes":""},"categories":[],"tags":[],"class_list":["post-10453","post","type-post","status-publish","format-standard","has-post-thumbnail","hentry"],"acf":[],"yoast_head":"<!-- This site is optimized with the Yoast SEO plugin v27.4 - https:\/\/yoast.com\/product\/yoast-seo-wordpress\/ -->\n<title>MU &#187; Elizabeth-Ann Doyle recipient of the NPO Manager Award at Gala des femmes d\u2019affaires du Qu\u00e9bec 2016.<\/title>\n<meta name=\"robots\" content=\"index, follow, max-snippet:-1, max-image-preview:large, max-video-preview:-1\" \/>\n<link rel=\"canonical\" href=\"https:\/\/mumtl.org\/en\/2016\/11\/elizabeth-ann-doyle-recipient-of-the-npo-manager-award-at-gala-des-femmes-daffaires-du-quebec-2016\/\" \/>\n<meta property=\"og:locale\" content=\"en_US\" \/>\n<meta property=\"og:type\" content=\"article\" \/>\n<meta property=\"og:title\" content=\"MU &#187; Elizabeth-Ann Doyle recipient of the NPO Manager Award at Gala des femmes d\u2019affaires du Qu\u00e9bec 2016.\" \/>\n<meta property=\"og:description\" content=\"Article in Les Affaires on Elizabeth-Ann and MU following this prize (in french).\" \/>\n<meta property=\"og:url\" content=\"https:\/\/mumtl.org\/en\/2016\/11\/elizabeth-ann-doyle-recipient-of-the-npo-manager-award-at-gala-des-femmes-daffaires-du-quebec-2016\/\" \/>\n<meta property=\"og:site_name\" content=\"MU\" \/>\n<meta property=\"article:published_time\" content=\"2016-11-14T16:29:49+00:00\" \/>\n<meta property=\"article:modified_time\" content=\"2017-05-08T17:34:56+00:00\" \/>\n<meta property=\"og:image\" content=\"https:\/\/mumtl.org\/wp-content\/uploads\/2016\/11\/Eli1.jpg\" \/>\n\t<meta property=\"og:image:width\" content=\"570\" \/>\n\t<meta property=\"og:image:height\" content=\"380\" \/>\n\t<meta property=\"og:image:type\" content=\"image\/jpeg\" \/>\n<meta name=\"author\" content=\"motto\" \/>\n<meta name=\"twitter:card\" content=\"summary_large_image\" \/>\n<meta name=\"twitter:label1\" content=\"Written by\" \/>\n\t<meta name=\"twitter:data1\" content=\"motto\" \/>\n<script type=\"application\/ld+json\" class=\"yoast-schema-graph\">{\"@context\":\"https:\\\/\\\/schema.org\",\"@graph\":[{\"@type\":\"Article\",\"@id\":\"https:\\\/\\\/mumtl.org\\\/en\\\/2016\\\/11\\\/elizabeth-ann-doyle-recipient-of-the-npo-manager-award-at-gala-des-femmes-daffaires-du-quebec-2016\\\/#article\",\"isPartOf\":{\"@id\":\"https:\\\/\\\/mumtl.org\\\/en\\\/2016\\\/11\\\/elizabeth-ann-doyle-recipient-of-the-npo-manager-award-at-gala-des-femmes-daffaires-du-quebec-2016\\\/\"},\"author\":{\"name\":\"motto\",\"@id\":\"https:\\\/\\\/mumtl.org\\\/#\\\/schema\\\/person\\\/14ab920af7e870b62863989fda1f84f3\"},\"headline\":\"Elizabeth-Ann Doyle recipient of the NPO Manager Award at Gala des femmes d\u2019affaires du Qu\u00e9bec 2016.\",\"datePublished\":\"2016-11-14T16:29:49+00:00\",\"dateModified\":\"2017-05-08T17:34:56+00:00\",\"mainEntityOfPage\":{\"@id\":\"https:\\\/\\\/mumtl.org\\\/en\\\/2016\\\/11\\\/elizabeth-ann-doyle-recipient-of-the-npo-manager-award-at-gala-des-femmes-daffaires-du-quebec-2016\\\/\"},\"wordCount\":30,\"image\":{\"@id\":\"https:\\\/\\\/mumtl.org\\\/en\\\/2016\\\/11\\\/elizabeth-ann-doyle-recipient-of-the-npo-manager-award-at-gala-des-femmes-daffaires-du-quebec-2016\\\/#primaryimage\"},\"thumbnailUrl\":\"https:\\\/\\\/mumtl.org\\\/wp-content\\\/uploads\\\/2016\\\/11\\\/Eli1.jpg\",\"inLanguage\":\"en-US\"},{\"@type\":\"WebPage\",\"@id\":\"https:\\\/\\\/mumtl.org\\\/en\\\/2016\\\/11\\\/elizabeth-ann-doyle-recipient-of-the-npo-manager-award-at-gala-des-femmes-daffaires-du-quebec-2016\\\/\",\"url\":\"https:\\\/\\\/mumtl.org\\\/en\\\/2016\\\/11\\\/elizabeth-ann-doyle-recipient-of-the-npo-manager-award-at-gala-des-femmes-daffaires-du-quebec-2016\\\/\",\"name\":\"MU &#187; Elizabeth-Ann Doyle recipient of the NPO Manager Award at Gala des femmes d\u2019affaires du Qu\u00e9bec 2016.\",\"isPartOf\":{\"@id\":\"https:\\\/\\\/mumtl.org\\\/#website\"},\"primaryImageOfPage\":{\"@id\":\"https:\\\/\\\/mumtl.org\\\/en\\\/2016\\\/11\\\/elizabeth-ann-doyle-recipient-of-the-npo-manager-award-at-gala-des-femmes-daffaires-du-quebec-2016\\\/#primaryimage\"},\"image\":{\"@id\":\"https:\\\/\\\/mumtl.org\\\/en\\\/2016\\\/11\\\/elizabeth-ann-doyle-recipient-of-the-npo-manager-award-at-gala-des-femmes-daffaires-du-quebec-2016\\\/#primaryimage\"},\"thumbnailUrl\":\"https:\\\/\\\/mumtl.org\\\/wp-content\\\/uploads\\\/2016\\\/11\\\/Eli1.jpg\",\"datePublished\":\"2016-11-14T16:29:49+00:00\",\"dateModified\":\"2017-05-08T17:34:56+00:00\",\"author\":{\"@id\":\"https:\\\/\\\/mumtl.org\\\/#\\\/schema\\\/person\\\/14ab920af7e870b62863989fda1f84f3\"},\"breadcrumb\":{\"@id\":\"https:\\\/\\\/mumtl.org\\\/en\\\/2016\\\/11\\\/elizabeth-ann-doyle-recipient-of-the-npo-manager-award-at-gala-des-femmes-daffaires-du-quebec-2016\\\/#breadcrumb\"},\"inLanguage\":\"en-US\",\"potentialAction\":[{\"@type\":\"ReadAction\",\"target\":[\"https:\\\/\\\/mumtl.org\\\/en\\\/2016\\\/11\\\/elizabeth-ann-doyle-recipient-of-the-npo-manager-award-at-gala-des-femmes-daffaires-du-quebec-2016\\\/\"]}]},{\"@type\":\"ImageObject\",\"inLanguage\":\"en-US\",\"@id\":\"https:\\\/\\\/mumtl.org\\\/en\\\/2016\\\/11\\\/elizabeth-ann-doyle-recipient-of-the-npo-manager-award-at-gala-des-femmes-daffaires-du-quebec-2016\\\/#primaryimage\",\"url\":\"https:\\\/\\\/mumtl.org\\\/wp-content\\\/uploads\\\/2016\\\/11\\\/Eli1.jpg\",\"contentUrl\":\"https:\\\/\\\/mumtl.org\\\/wp-content\\\/uploads\\\/2016\\\/11\\\/Eli1.jpg\",\"width\":570,\"height\":380},{\"@type\":\"BreadcrumbList\",\"@id\":\"https:\\\/\\\/mumtl.org\\\/en\\\/2016\\\/11\\\/elizabeth-ann-doyle-recipient-of-the-npo-manager-award-at-gala-des-femmes-daffaires-du-quebec-2016\\\/#breadcrumb\",\"itemListElement\":[{\"@type\":\"ListItem\",\"position\":1,\"name\":\"Accueil\",\"item\":\"https:\\\/\\\/mumtl.org\\\/en\\\/\"},{\"@type\":\"ListItem\",\"position\":2,\"name\":\"Elizabeth-Ann Doyle recipient of the NPO Manager Award at Gala des femmes d\u2019affaires du Qu\u00e9bec 2016.\"}]},{\"@type\":\"WebSite\",\"@id\":\"https:\\\/\\\/mumtl.org\\\/#website\",\"url\":\"https:\\\/\\\/mumtl.org\\\/\",\"name\":\"MU\",\"description\":\"R\u00e9alisation de murales \u00e0 Montr\u00e9al \\\/ Murals creation in Montreal\",\"potentialAction\":[{\"@type\":\"SearchAction\",\"target\":{\"@type\":\"EntryPoint\",\"urlTemplate\":\"https:\\\/\\\/mumtl.org\\\/?s={search_term_string}\"},\"query-input\":{\"@type\":\"PropertyValueSpecification\",\"valueRequired\":true,\"valueName\":\"search_term_string\"}}],\"inLanguage\":\"en-US\"},{\"@type\":\"Person\",\"@id\":\"https:\\\/\\\/mumtl.org\\\/#\\\/schema\\\/person\\\/14ab920af7e870b62863989fda1f84f3\",\"name\":\"motto\"}]}<\/script>\n<!-- \/ Yoast SEO plugin. -->","yoast_head_json":{"title":"MU &#187; Elizabeth-Ann Doyle recipient of the NPO Manager Award at Gala des femmes d\u2019affaires du Qu\u00e9bec 2016.","robots":{"index":"index","follow":"follow","max-snippet":"max-snippet:-1","max-image-preview":"max-image-preview:large","max-video-preview":"max-video-preview:-1"},"canonical":"https:\/\/mumtl.org\/en\/2016\/11\/elizabeth-ann-doyle-recipient-of-the-npo-manager-award-at-gala-des-femmes-daffaires-du-quebec-2016\/","og_locale":"en_US","og_type":"article","og_title":"MU &#187; Elizabeth-Ann Doyle recipient of the NPO Manager Award at Gala des femmes d\u2019affaires du Qu\u00e9bec 2016.","og_description":"Article in Les Affaires on Elizabeth-Ann and MU following this prize (in french).","og_url":"https:\/\/mumtl.org\/en\/2016\/11\/elizabeth-ann-doyle-recipient-of-the-npo-manager-award-at-gala-des-femmes-daffaires-du-quebec-2016\/","og_site_name":"MU","article_published_time":"2016-11-14T16:29:49+00:00","article_modified_time":"2017-05-08T17:34:56+00:00","og_image":[{"width":570,"height":380,"url":"https:\/\/mumtl.org\/wp-content\/uploads\/2016\/11\/Eli1.jpg","type":"image\/jpeg"}],"author":"motto","twitter_card":"summary_large_image","twitter_misc":{"Written by":"motto"},"schema":{"@context":"https:\/\/schema.org","@graph":[{"@type":"Article","@id":"https:\/\/mumtl.org\/en\/2016\/11\/elizabeth-ann-doyle-recipient-of-the-npo-manager-award-at-gala-des-femmes-daffaires-du-quebec-2016\/#article","isPartOf":{"@id":"https:\/\/mumtl.org\/en\/2016\/11\/elizabeth-ann-doyle-recipient-of-the-npo-manager-award-at-gala-des-femmes-daffaires-du-quebec-2016\/"},"author":{"name":"motto","@id":"https:\/\/mumtl.org\/#\/schema\/person\/14ab920af7e870b62863989fda1f84f3"},"headline":"Elizabeth-Ann Doyle recipient of the NPO Manager Award at Gala des femmes d\u2019affaires du Qu\u00e9bec 2016.","datePublished":"2016-11-14T16:29:49+00:00","dateModified":"2017-05-08T17:34:56+00:00","mainEntityOfPage":{"@id":"https:\/\/mumtl.org\/en\/2016\/11\/elizabeth-ann-doyle-recipient-of-the-npo-manager-award-at-gala-des-femmes-daffaires-du-quebec-2016\/"},"wordCount":30,"image":{"@id":"https:\/\/mumtl.org\/en\/2016\/11\/elizabeth-ann-doyle-recipient-of-the-npo-manager-award-at-gala-des-femmes-daffaires-du-quebec-2016\/#primaryimage"},"thumbnailUrl":"https:\/\/mumtl.org\/wp-content\/uploads\/2016\/11\/Eli1.jpg","inLanguage":"en-US"},{"@type":"WebPage","@id":"https:\/\/mumtl.org\/en\/2016\/11\/elizabeth-ann-doyle-recipient-of-the-npo-manager-award-at-gala-des-femmes-daffaires-du-quebec-2016\/","url":"https:\/\/mumtl.org\/en\/2016\/11\/elizabeth-ann-doyle-recipient-of-the-npo-manager-award-at-gala-des-femmes-daffaires-du-quebec-2016\/","name":"MU &#187; Elizabeth-Ann Doyle recipient of the NPO Manager Award at Gala des femmes d\u2019affaires du Qu\u00e9bec 2016.","isPartOf":{"@id":"https:\/\/mumtl.org\/#website"},"primaryImageOfPage":{"@id":"https:\/\/mumtl.org\/en\/2016\/11\/elizabeth-ann-doyle-recipient-of-the-npo-manager-award-at-gala-des-femmes-daffaires-du-quebec-2016\/#primaryimage"},"image":{"@id":"https:\/\/mumtl.org\/en\/2016\/11\/elizabeth-ann-doyle-recipient-of-the-npo-manager-award-at-gala-des-femmes-daffaires-du-quebec-2016\/#primaryimage"},"thumbnailUrl":"https:\/\/mumtl.org\/wp-content\/uploads\/2016\/11\/Eli1.jpg","datePublished":"2016-11-14T16:29:49+00:00","dateModified":"2017-05-08T17:34:56+00:00","author":{"@id":"https:\/\/mumtl.org\/#\/schema\/person\/14ab920af7e870b62863989fda1f84f3"},"breadcrumb":{"@id":"https:\/\/mumtl.org\/en\/2016\/11\/elizabeth-ann-doyle-recipient-of-the-npo-manager-award-at-gala-des-femmes-daffaires-du-quebec-2016\/#breadcrumb"},"inLanguage":"en-US","potentialAction":[{"@type":"ReadAction","target":["https:\/\/mumtl.org\/en\/2016\/11\/elizabeth-ann-doyle-recipient-of-the-npo-manager-award-at-gala-des-femmes-daffaires-du-quebec-2016\/"]}]},{"@type":"ImageObject","inLanguage":"en-US","@id":"https:\/\/mumtl.org\/en\/2016\/11\/elizabeth-ann-doyle-recipient-of-the-npo-manager-award-at-gala-des-femmes-daffaires-du-quebec-2016\/#primaryimage","url":"https:\/\/mumtl.org\/wp-content\/uploads\/2016\/11\/Eli1.jpg","contentUrl":"https:\/\/mumtl.org\/wp-content\/uploads\/2016\/11\/Eli1.jpg","width":570,"height":380},{"@type":"BreadcrumbList","@id":"https:\/\/mumtl.org\/en\/2016\/11\/elizabeth-ann-doyle-recipient-of-the-npo-manager-award-at-gala-des-femmes-daffaires-du-quebec-2016\/#breadcrumb","itemListElement":[{"@type":"ListItem","position":1,"name":"Accueil","item":"https:\/\/mumtl.org\/en\/"},{"@type":"ListItem","position":2,"name":"Elizabeth-Ann Doyle recipient of the NPO Manager Award at Gala des femmes d\u2019affaires du Qu\u00e9bec 2016."}]},{"@type":"WebSite","@id":"https:\/\/mumtl.org\/#website","url":"https:\/\/mumtl.org\/","name":"MU","description":"R\u00e9alisation de murales \u00e0 Montr\u00e9al \/ Murals creation in Montreal","potentialAction":[{"@type":"SearchAction","target":{"@type":"EntryPoint","urlTemplate":"https:\/\/mumtl.org\/?s={search_term_string}"},"query-input":{"@type":"PropertyValueSpecification","valueRequired":true,"valueName":"search_term_string"}}],"inLanguage":"en-US"},{"@type":"Person","@id":"https:\/\/mumtl.org\/#\/schema\/person\/14ab920af7e870b62863989fda1f84f3","name":"motto"}]}},"_links":{"self":[{"href":"https:\/\/mumtl.org\/en\/wp-json\/wp\/v2\/posts\/10453","targetHints":{"allow":["GET"]}}],"collection":[{"href":"https:\/\/mumtl.org\/en\/wp-json\/wp\/v2\/posts"}],"about":[{"href":"https:\/\/mumtl.org\/en\/wp-json\/wp\/v2\/types\/post"}],"author":[{"embeddable":true,"href":"https:\/\/mumtl.org\/en\/wp-json\/wp\/v2\/users\/1"}],"replies":[{"embeddable":true,"href":"https:\/\/mumtl.org\/en\/wp-json\/wp\/v2\/comments?post=10453"}],"version-history":[{"count":0,"href":"https:\/\/mumtl.org\/en\/wp-json\/wp\/v2\/posts\/10453\/revisions"}],"wp:featuredmedia":[{"embeddable":true,"href":"https:\/\/mumtl.org\/en\/wp-json\/wp\/v2\/media\/10452"}],"wp:attachment":[{"href":"https:\/\/mumtl.org\/en\/wp-json\/wp\/v2\/media?parent=10453"}],"wp:term":[{"taxonomy":"category","embeddable":true,"href":"https:\/\/mumtl.org\/en\/wp-json\/wp\/v2\/categories?post=10453"},{"taxonomy":"post_tag","embeddable":true,"href":"https:\/\/mumtl.org\/en\/wp-json\/wp\/v2\/tags?post=10453"}],"curies":[{"name":"wp","href":"https:\/\/api.w.org\/{rel}","templated":true}]}}