{"id":6131,"date":"2014-05-29T18:18:40","date_gmt":"2014-05-29T18:18:40","guid":{"rendered":"http:\/\/mumtl.org\/?post_type=blogposts&#038;p=6131"},"modified":"2014-07-25T15:00:17","modified_gmt":"2014-07-25T15:00:17","slug":"20140528-murals-felix-leclerc-high-school","status":"publish","type":"post","link":"https:\/\/mumtl.org\/en\/2014\/05\/20140528-murals-felix-leclerc-high-school\/","title":{"rendered":"New Youth Mural @ F\u00e9lix-Leclerc!"},"content":{"rendered":"<p><a href=\"http:\/\/mumtl.org\/blogue\/20140528-murale-ecole-felix-leclerc\/mu_ateliers_2014_fl_creditsisabelleduguay_14\/\" rel=\"attachment wp-att-6126\"><img loading=\"lazy\" decoding=\"async\" class=\"alignleft size-medium wp-image-6126\" alt=\"MU_Ateliers_2014_FL_creditsIsabelleDuguay_14\" src=\"http:\/\/mumtl.org\/wp-content\/uploads\/2014\/05\/MU_Ateliers_2014_FL_creditsIsabelleDuguay_14-640x401.jpg\" width=\"640\" height=\"401\" \/><\/a><\/p>\n<p>You will certainly be charmed by the mural created by students of F\u00e9lix-Leclerc HighS chool (secondary V). They managed this <em>tour de force<\/em>\u00a0during <a title=\"Schools + Youth Organizations\" href=\"https:\/\/mumtl.org\/en\/participate\/schools-youth-organizations\/\" target=\"_blank\">extracurricular mural art workshops <\/a>offered this winter. Do not miss the making of video shot in stopmotion:<\/p>\n<p><iframe loading=\"lazy\" title=\"TIME-LAPSE | Murale jeunesse @ \u00c9cole F\u00e9lix-Leclerc, 2014\" src=\"https:\/\/player.vimeo.com\/video\/96742477?dnt=1&amp;app_id=122963\" width=\"500\" height=\"281\" frameborder=\"0\" allow=\"autoplay; fullscreen; picture-in-picture; clipboard-write\"><\/iframe><\/p>\n<p>The theme of the mural is our artistic identity. The composition is based on the idea that color and rhythm carry and define us. The narrative of the artwork &#8211; the hair of the female character &#8211; highlights the transition from black and white to colors symbolizing the positive impact art awakens for every one of us.<\/p>\n<p><a href=\"http:\/\/mumtl.org\/blogue\/20140528-murale-ecole-felix-leclerc\/mu_ateliers_2014_fl_creditsisabelleduguay_13\/\" rel=\"attachment wp-att-6124\"><img loading=\"lazy\" decoding=\"async\" class=\"alignleft size-medium wp-image-6124\" alt=\"MU_Ateliers_2014_FL_creditsIsabelleDuguay_13\" src=\"http:\/\/mumtl.org\/wp-content\/uploads\/2014\/05\/MU_Ateliers_2014_FL_creditsIsabelleDuguay_13-640x320.jpg\" width=\"640\" height=\"320\" \/><\/a><strong>Thank you and congratulations to all participants: Jessica Aldos, Christelle Bitar, Rebecca Caporicci, Jennifer Diana Iordan, Alexandra Kmieciak, Genevi\u00e8ve Lavall\u00e9e, Jonathan Lavigne, John Mendoza, Thomas Michael Nuguid, St\u00e9phanie Leroux, Allison Mejia, Daniela Rodriguez, Nicolas S\u00e9guin, Giancarlo Tayag et Rakavi Velauthapillai.<\/strong><\/p>\n<p>This project was made possible through funding from the Commission scolaire Marguerite -Bourgeoys and the participation of the teacher Sonia Fontana and MU&#8217;s art educator <a title=\"Team\" href=\"https:\/\/mumtl.org\/en\/about-us\/team\/\" target=\"_blank\">Isabelle Duguay<\/a> assisted by Rocio Perez.<\/p>\n<p><a href=\"http:\/\/mumtl.org\/blogue\/20140528-murale-ecole-felix-leclerc\/mu_ateliers_2014_fl_creditsisabelleduguay_1\/\" rel=\"attachment wp-att-6100\"><img loading=\"lazy\" decoding=\"async\" class=\"alignleft size-medium wp-image-6100\" alt=\"MU_Ateliers_2014_FL_creditsIsabelleDuguay_1\" src=\"http:\/\/mumtl.org\/wp-content\/uploads\/2014\/05\/MU_Ateliers_2014_FL_creditsIsabelleDuguay_1-640x359.jpg\" width=\"640\" height=\"359\" srcset=\"https:\/\/mumtl.org\/wp-content\/uploads\/2014\/05\/MU_Ateliers_2014_FL_creditsIsabelleDuguay_1-640x359.jpg 640w, https:\/\/mumtl.org\/wp-content\/uploads\/2014\/05\/MU_Ateliers_2014_FL_creditsIsabelleDuguay_1-960x539.jpg 960w, https:\/\/mumtl.org\/wp-content\/uploads\/2014\/05\/MU_Ateliers_2014_FL_creditsIsabelleDuguay_1-200x112.jpg 200w, https:\/\/mumtl.org\/wp-content\/uploads\/2014\/05\/MU_Ateliers_2014_FL_creditsIsabelleDuguay_1.jpg 1500w\" sizes=\"auto, (max-width: 640px) 100vw, 640px\" \/><\/a><\/p>\n<p><a href=\"http:\/\/mumtl.org\/blogue\/20140528-murale-ecole-felix-leclerc\/mu_ateliers_2014_fl_creditsisabelleduguay_2\/\" rel=\"attachment wp-att-6102\"><img loading=\"lazy\" decoding=\"async\" class=\"alignleft size-medium wp-image-6102\" alt=\"MU_Ateliers_2014_FL_creditsIsabelleDuguay_2\" src=\"http:\/\/mumtl.org\/wp-content\/uploads\/2014\/05\/MU_Ateliers_2014_FL_creditsIsabelleDuguay_2-640x426.jpg\" width=\"640\" height=\"426\" \/><\/a><\/p>\n<p><a href=\"http:\/\/mumtl.org\/blogue\/20140528-murale-ecole-felix-leclerc\/mu_ateliers_2014_fl_creditsisabelleduguay_3\/\" rel=\"attachment wp-att-6104\"><img loading=\"lazy\" decoding=\"async\" class=\"alignleft size-medium wp-image-6104\" alt=\"MU_Ateliers_2014_FL_creditsIsabelleDuguay_3\" src=\"http:\/\/mumtl.org\/wp-content\/uploads\/2014\/05\/MU_Ateliers_2014_FL_creditsIsabelleDuguay_3-640x426.jpg\" width=\"640\" height=\"426\" \/><\/a><\/p>\n<p><a href=\"http:\/\/mumtl.org\/blogue\/20140528-murale-ecole-felix-leclerc\/mu_ateliers_2014_fl_creditsisabelleduguay_4\/\" rel=\"attachment wp-att-6106\"><img loading=\"lazy\" decoding=\"async\" class=\"alignleft size-medium wp-image-6106\" alt=\"MU_Ateliers_2014_FL_creditsIsabelleDuguay_4\" src=\"http:\/\/mumtl.org\/wp-content\/uploads\/2014\/05\/MU_Ateliers_2014_FL_creditsIsabelleDuguay_4-640x426.jpg\" width=\"640\" height=\"426\" \/><\/a><\/p>\n<p><a href=\"http:\/\/mumtl.org\/blogue\/20140528-murale-ecole-felix-leclerc\/mu_ateliers_2014_fl_creditsisabelleduguay_5\/\" rel=\"attachment wp-att-6108\"><img loading=\"lazy\" decoding=\"async\" class=\"alignleft size-medium wp-image-6108\" alt=\"MU_Ateliers_2014_FL_creditsIsabelleDuguay_5\" src=\"http:\/\/mumtl.org\/wp-content\/uploads\/2014\/05\/MU_Ateliers_2014_FL_creditsIsabelleDuguay_5-640x426.jpg\" width=\"640\" height=\"426\" \/><\/a><\/p>\n<p><a href=\"http:\/\/mumtl.org\/blogue\/20140528-murale-ecole-felix-leclerc\/mu_ateliers_2014_fl_creditsisabelleduguay_6\/\" rel=\"attachment wp-att-6110\"><img loading=\"lazy\" decoding=\"async\" class=\"alignleft size-medium wp-image-6110\" alt=\"MU_Ateliers_2014_FL_creditsIsabelleDuguay_6\" src=\"http:\/\/mumtl.org\/wp-content\/uploads\/2014\/05\/MU_Ateliers_2014_FL_creditsIsabelleDuguay_6-640x426.jpg\" width=\"640\" height=\"426\" \/><\/a><\/p>\n<p><a href=\"http:\/\/mumtl.org\/blogue\/20140528-murale-ecole-felix-leclerc\/mu_ateliers_2014_fl_creditsisabelleduguay_7\/\" rel=\"attachment wp-att-6112\"><img loading=\"lazy\" decoding=\"async\" class=\"alignleft size-medium wp-image-6112\" alt=\"MU_Ateliers_2014_FL_creditsIsabelleDuguay_7\" src=\"http:\/\/mumtl.org\/wp-content\/uploads\/2014\/05\/MU_Ateliers_2014_FL_creditsIsabelleDuguay_7-640x426.jpg\" width=\"640\" height=\"426\" \/><\/a><\/p>\n<p><a href=\"http:\/\/mumtl.org\/blogue\/20140528-murale-ecole-felix-leclerc\/mu_ateliers_2014_fl_creditsisabelleduguay_8\/\" rel=\"attachment wp-att-6114\"><img loading=\"lazy\" decoding=\"async\" class=\"alignleft size-medium wp-image-6114\" alt=\"MU_Ateliers_2014_FL_creditsIsabelleDuguay_8\" src=\"http:\/\/mumtl.org\/wp-content\/uploads\/2014\/05\/MU_Ateliers_2014_FL_creditsIsabelleDuguay_8-640x960.jpg\" width=\"640\" height=\"960\" \/><\/a><\/p>\n<p><a href=\"http:\/\/mumtl.org\/blogue\/20140528-murale-ecole-felix-leclerc\/mu_ateliers_2014_fl_creditsisabelleduguay_9\/\" rel=\"attachment wp-att-6116\"><img loading=\"lazy\" decoding=\"async\" class=\"alignleft size-medium wp-image-6116\" alt=\"MU_Ateliers_2014_FL_creditsIsabelleDuguay_9\" src=\"http:\/\/mumtl.org\/wp-content\/uploads\/2014\/05\/MU_Ateliers_2014_FL_creditsIsabelleDuguay_9-640x426.jpg\" width=\"640\" height=\"426\" \/><\/a><\/p>\n<p><a href=\"http:\/\/mumtl.org\/blogue\/20140528-murale-ecole-felix-leclerc\/mu_ateliers_2014_fl_creditsisabelleduguay_10\/\" rel=\"attachment wp-att-6118\"><img loading=\"lazy\" decoding=\"async\" class=\"alignleft size-medium wp-image-6118\" alt=\"MU_Ateliers_2014_FL_creditsIsabelleDuguay_10\" src=\"http:\/\/mumtl.org\/wp-content\/uploads\/2014\/05\/MU_Ateliers_2014_FL_creditsIsabelleDuguay_10-640x960.jpg\" width=\"640\" height=\"960\" \/><\/a><\/p>\n<p><a href=\"http:\/\/mumtl.org\/blogue\/20140528-murale-ecole-felix-leclerc\/mu_ateliers_2014_fl_creditsisabelleduguay_11\/\" rel=\"attachment wp-att-6120\"><img loading=\"lazy\" decoding=\"async\" class=\"alignleft size-medium wp-image-6120\" alt=\"MU_Ateliers_2014_FL_creditsIsabelleDuguay_11\" src=\"http:\/\/mumtl.org\/wp-content\/uploads\/2014\/05\/MU_Ateliers_2014_FL_creditsIsabelleDuguay_11-640x426.jpg\" width=\"640\" height=\"426\" \/><\/a><\/p>\n<p><a href=\"http:\/\/mumtl.org\/blogue\/20140528-murale-ecole-felix-leclerc\/mu_ateliers_2014_fl_creditsisabelleduguay_12\/\" rel=\"attachment wp-att-6122\"><img loading=\"lazy\" decoding=\"async\" class=\"alignleft size-medium wp-image-6122\" alt=\"MU_Ateliers_2014_FL_creditsIsabelleDuguay_12\" src=\"http:\/\/mumtl.org\/wp-content\/uploads\/2014\/05\/MU_Ateliers_2014_FL_creditsIsabelleDuguay_12-640x960.jpg\" width=\"640\" height=\"960\" \/><\/a><\/p>\n","protected":false},"excerpt":{"rendered":"<p>You will certainly be charmed by the mural created by students of F\u00e9lix-Leclerc HighS chool (secondary V). They managed this tour de force\u00a0during extracurricular mural art workshops offered this winter. Do not miss the making of video shot in stopmotion: The theme of the mural is our artistic identity. The composition is based on the &hellip; <a href=\"https:\/\/mumtl.org\/en\/2014\/05\/20140528-murals-felix-leclerc-high-school\/\">Continued<\/a><\/p>\n","protected":false},"author":1,"featured_media":6127,"comment_status":"closed","ping_status":"closed","sticky":false,"template":"","format":"standard","meta":{"_acf_changed":false,"footnotes":""},"categories":[],"tags":[],"class_list":["post-6131","post","type-post","status-publish","format-standard","has-post-thumbnail","hentry"],"acf":[],"yoast_head":"<!-- This site is optimized with the Yoast SEO plugin v27.4 - https:\/\/yoast.com\/product\/yoast-seo-wordpress\/ -->\n<title>MU &#187; New Youth Mural @ F\u00e9lix-Leclerc!<\/title>\n<meta name=\"robots\" content=\"index, follow, max-snippet:-1, max-image-preview:large, max-video-preview:-1\" \/>\n<link rel=\"canonical\" href=\"https:\/\/mumtl.org\/en\/2014\/05\/20140528-murals-felix-leclerc-high-school\/\" \/>\n<meta property=\"og:locale\" content=\"en_US\" \/>\n<meta property=\"og:type\" content=\"article\" \/>\n<meta property=\"og:title\" content=\"MU &#187; New Youth Mural @ F\u00e9lix-Leclerc!\" \/>\n<meta property=\"og:description\" content=\"You will certainly be charmed by the mural created by students of F\u00e9lix-Leclerc HighS chool (secondary V). They managed this tour de force\u00a0during extracurricular mural art workshops offered this winter. Do not miss the making of video shot in stopmotion: The theme of the mural is our artistic identity. The composition is based on the &hellip; Continued\" \/>\n<meta property=\"og:url\" content=\"https:\/\/mumtl.org\/en\/2014\/05\/20140528-murals-felix-leclerc-high-school\/\" \/>\n<meta property=\"og:site_name\" content=\"MU\" \/>\n<meta property=\"article:published_time\" content=\"2014-05-29T18:18:40+00:00\" \/>\n<meta property=\"article:modified_time\" content=\"2014-07-25T15:00:17+00:00\" \/>\n<meta property=\"og:image\" content=\"https:\/\/mumtl.org\/wp-content\/uploads\/2014\/05\/MU_Ateliers_2014_FL_creditsIsabelleDuguay_14.jpg\" \/>\n\t<meta property=\"og:image:width\" content=\"1500\" \/>\n\t<meta property=\"og:image:height\" content=\"942\" \/>\n\t<meta property=\"og:image:type\" content=\"image\/jpeg\" \/>\n<meta name=\"author\" content=\"motto\" \/>\n<meta name=\"twitter:card\" content=\"summary_large_image\" \/>\n<meta name=\"twitter:label1\" content=\"Written by\" \/>\n\t<meta name=\"twitter:data1\" content=\"motto\" \/>\n\t<meta name=\"twitter:label2\" content=\"Est. reading time\" \/>\n\t<meta name=\"twitter:data2\" content=\"1 minute\" \/>\n<script type=\"application\/ld+json\" class=\"yoast-schema-graph\">{\"@context\":\"https:\\\/\\\/schema.org\",\"@graph\":[{\"@type\":\"Article\",\"@id\":\"https:\\\/\\\/mumtl.org\\\/en\\\/2014\\\/05\\\/20140528-murals-felix-leclerc-high-school\\\/#article\",\"isPartOf\":{\"@id\":\"https:\\\/\\\/mumtl.org\\\/en\\\/2014\\\/05\\\/20140528-murals-felix-leclerc-high-school\\\/\"},\"author\":{\"name\":\"motto\",\"@id\":\"https:\\\/\\\/mumtl.org\\\/#\\\/schema\\\/person\\\/14ab920af7e870b62863989fda1f84f3\"},\"headline\":\"New Youth Mural @ F\u00e9lix-Leclerc!\",\"datePublished\":\"2014-05-29T18:18:40+00:00\",\"dateModified\":\"2014-07-25T15:00:17+00:00\",\"mainEntityOfPage\":{\"@id\":\"https:\\\/\\\/mumtl.org\\\/en\\\/2014\\\/05\\\/20140528-murals-felix-leclerc-high-school\\\/\"},\"wordCount\":183,\"image\":{\"@id\":\"https:\\\/\\\/mumtl.org\\\/en\\\/2014\\\/05\\\/20140528-murals-felix-leclerc-high-school\\\/#primaryimage\"},\"thumbnailUrl\":\"https:\\\/\\\/mumtl.org\\\/wp-content\\\/uploads\\\/2014\\\/05\\\/MU_Ateliers_2014_FL_creditsIsabelleDuguay_14.jpg\",\"inLanguage\":\"en-US\"},{\"@type\":\"WebPage\",\"@id\":\"https:\\\/\\\/mumtl.org\\\/en\\\/2014\\\/05\\\/20140528-murals-felix-leclerc-high-school\\\/\",\"url\":\"https:\\\/\\\/mumtl.org\\\/en\\\/2014\\\/05\\\/20140528-murals-felix-leclerc-high-school\\\/\",\"name\":\"MU &#187; New Youth Mural @ F\u00e9lix-Leclerc!\",\"isPartOf\":{\"@id\":\"https:\\\/\\\/mumtl.org\\\/#website\"},\"primaryImageOfPage\":{\"@id\":\"https:\\\/\\\/mumtl.org\\\/en\\\/2014\\\/05\\\/20140528-murals-felix-leclerc-high-school\\\/#primaryimage\"},\"image\":{\"@id\":\"https:\\\/\\\/mumtl.org\\\/en\\\/2014\\\/05\\\/20140528-murals-felix-leclerc-high-school\\\/#primaryimage\"},\"thumbnailUrl\":\"https:\\\/\\\/mumtl.org\\\/wp-content\\\/uploads\\\/2014\\\/05\\\/MU_Ateliers_2014_FL_creditsIsabelleDuguay_14.jpg\",\"datePublished\":\"2014-05-29T18:18:40+00:00\",\"dateModified\":\"2014-07-25T15:00:17+00:00\",\"author\":{\"@id\":\"https:\\\/\\\/mumtl.org\\\/#\\\/schema\\\/person\\\/14ab920af7e870b62863989fda1f84f3\"},\"breadcrumb\":{\"@id\":\"https:\\\/\\\/mumtl.org\\\/en\\\/2014\\\/05\\\/20140528-murals-felix-leclerc-high-school\\\/#breadcrumb\"},\"inLanguage\":\"en-US\",\"potentialAction\":[{\"@type\":\"ReadAction\",\"target\":[\"https:\\\/\\\/mumtl.org\\\/en\\\/2014\\\/05\\\/20140528-murals-felix-leclerc-high-school\\\/\"]}]},{\"@type\":\"ImageObject\",\"inLanguage\":\"en-US\",\"@id\":\"https:\\\/\\\/mumtl.org\\\/en\\\/2014\\\/05\\\/20140528-murals-felix-leclerc-high-school\\\/#primaryimage\",\"url\":\"https:\\\/\\\/mumtl.org\\\/wp-content\\\/uploads\\\/2014\\\/05\\\/MU_Ateliers_2014_FL_creditsIsabelleDuguay_14.jpg\",\"contentUrl\":\"https:\\\/\\\/mumtl.org\\\/wp-content\\\/uploads\\\/2014\\\/05\\\/MU_Ateliers_2014_FL_creditsIsabelleDuguay_14.jpg\",\"width\":1500,\"height\":942},{\"@type\":\"BreadcrumbList\",\"@id\":\"https:\\\/\\\/mumtl.org\\\/en\\\/2014\\\/05\\\/20140528-murals-felix-leclerc-high-school\\\/#breadcrumb\",\"itemListElement\":[{\"@type\":\"ListItem\",\"position\":1,\"name\":\"Accueil\",\"item\":\"https:\\\/\\\/mumtl.org\\\/en\\\/\"},{\"@type\":\"ListItem\",\"position\":2,\"name\":\"New Youth Mural @ F\u00e9lix-Leclerc!\"}]},{\"@type\":\"WebSite\",\"@id\":\"https:\\\/\\\/mumtl.org\\\/#website\",\"url\":\"https:\\\/\\\/mumtl.org\\\/\",\"name\":\"MU\",\"description\":\"R\u00e9alisation de murales \u00e0 Montr\u00e9al \\\/ Murals creation in Montreal\",\"potentialAction\":[{\"@type\":\"SearchAction\",\"target\":{\"@type\":\"EntryPoint\",\"urlTemplate\":\"https:\\\/\\\/mumtl.org\\\/?s={search_term_string}\"},\"query-input\":{\"@type\":\"PropertyValueSpecification\",\"valueRequired\":true,\"valueName\":\"search_term_string\"}}],\"inLanguage\":\"en-US\"},{\"@type\":\"Person\",\"@id\":\"https:\\\/\\\/mumtl.org\\\/#\\\/schema\\\/person\\\/14ab920af7e870b62863989fda1f84f3\",\"name\":\"motto\"}]}<\/script>\n<!-- \/ Yoast SEO plugin. -->","yoast_head_json":{"title":"MU &#187; New Youth Mural @ F\u00e9lix-Leclerc!","robots":{"index":"index","follow":"follow","max-snippet":"max-snippet:-1","max-image-preview":"max-image-preview:large","max-video-preview":"max-video-preview:-1"},"canonical":"https:\/\/mumtl.org\/en\/2014\/05\/20140528-murals-felix-leclerc-high-school\/","og_locale":"en_US","og_type":"article","og_title":"MU &#187; New Youth Mural @ F\u00e9lix-Leclerc!","og_description":"You will certainly be charmed by the mural created by students of F\u00e9lix-Leclerc HighS chool (secondary V). They managed this tour de force\u00a0during extracurricular mural art workshops offered this winter. Do not miss the making of video shot in stopmotion: The theme of the mural is our artistic identity. The composition is based on the &hellip; Continued","og_url":"https:\/\/mumtl.org\/en\/2014\/05\/20140528-murals-felix-leclerc-high-school\/","og_site_name":"MU","article_published_time":"2014-05-29T18:18:40+00:00","article_modified_time":"2014-07-25T15:00:17+00:00","og_image":[{"width":1500,"height":942,"url":"https:\/\/mumtl.org\/wp-content\/uploads\/2014\/05\/MU_Ateliers_2014_FL_creditsIsabelleDuguay_14.jpg","type":"image\/jpeg"}],"author":"motto","twitter_card":"summary_large_image","twitter_misc":{"Written by":"motto","Est. reading time":"1 minute"},"schema":{"@context":"https:\/\/schema.org","@graph":[{"@type":"Article","@id":"https:\/\/mumtl.org\/en\/2014\/05\/20140528-murals-felix-leclerc-high-school\/#article","isPartOf":{"@id":"https:\/\/mumtl.org\/en\/2014\/05\/20140528-murals-felix-leclerc-high-school\/"},"author":{"name":"motto","@id":"https:\/\/mumtl.org\/#\/schema\/person\/14ab920af7e870b62863989fda1f84f3"},"headline":"New Youth Mural @ F\u00e9lix-Leclerc!","datePublished":"2014-05-29T18:18:40+00:00","dateModified":"2014-07-25T15:00:17+00:00","mainEntityOfPage":{"@id":"https:\/\/mumtl.org\/en\/2014\/05\/20140528-murals-felix-leclerc-high-school\/"},"wordCount":183,"image":{"@id":"https:\/\/mumtl.org\/en\/2014\/05\/20140528-murals-felix-leclerc-high-school\/#primaryimage"},"thumbnailUrl":"https:\/\/mumtl.org\/wp-content\/uploads\/2014\/05\/MU_Ateliers_2014_FL_creditsIsabelleDuguay_14.jpg","inLanguage":"en-US"},{"@type":"WebPage","@id":"https:\/\/mumtl.org\/en\/2014\/05\/20140528-murals-felix-leclerc-high-school\/","url":"https:\/\/mumtl.org\/en\/2014\/05\/20140528-murals-felix-leclerc-high-school\/","name":"MU &#187; New Youth Mural @ F\u00e9lix-Leclerc!","isPartOf":{"@id":"https:\/\/mumtl.org\/#website"},"primaryImageOfPage":{"@id":"https:\/\/mumtl.org\/en\/2014\/05\/20140528-murals-felix-leclerc-high-school\/#primaryimage"},"image":{"@id":"https:\/\/mumtl.org\/en\/2014\/05\/20140528-murals-felix-leclerc-high-school\/#primaryimage"},"thumbnailUrl":"https:\/\/mumtl.org\/wp-content\/uploads\/2014\/05\/MU_Ateliers_2014_FL_creditsIsabelleDuguay_14.jpg","datePublished":"2014-05-29T18:18:40+00:00","dateModified":"2014-07-25T15:00:17+00:00","author":{"@id":"https:\/\/mumtl.org\/#\/schema\/person\/14ab920af7e870b62863989fda1f84f3"},"breadcrumb":{"@id":"https:\/\/mumtl.org\/en\/2014\/05\/20140528-murals-felix-leclerc-high-school\/#breadcrumb"},"inLanguage":"en-US","potentialAction":[{"@type":"ReadAction","target":["https:\/\/mumtl.org\/en\/2014\/05\/20140528-murals-felix-leclerc-high-school\/"]}]},{"@type":"ImageObject","inLanguage":"en-US","@id":"https:\/\/mumtl.org\/en\/2014\/05\/20140528-murals-felix-leclerc-high-school\/#primaryimage","url":"https:\/\/mumtl.org\/wp-content\/uploads\/2014\/05\/MU_Ateliers_2014_FL_creditsIsabelleDuguay_14.jpg","contentUrl":"https:\/\/mumtl.org\/wp-content\/uploads\/2014\/05\/MU_Ateliers_2014_FL_creditsIsabelleDuguay_14.jpg","width":1500,"height":942},{"@type":"BreadcrumbList","@id":"https:\/\/mumtl.org\/en\/2014\/05\/20140528-murals-felix-leclerc-high-school\/#breadcrumb","itemListElement":[{"@type":"ListItem","position":1,"name":"Accueil","item":"https:\/\/mumtl.org\/en\/"},{"@type":"ListItem","position":2,"name":"New Youth Mural @ F\u00e9lix-Leclerc!"}]},{"@type":"WebSite","@id":"https:\/\/mumtl.org\/#website","url":"https:\/\/mumtl.org\/","name":"MU","description":"R\u00e9alisation de murales \u00e0 Montr\u00e9al \/ Murals creation in Montreal","potentialAction":[{"@type":"SearchAction","target":{"@type":"EntryPoint","urlTemplate":"https:\/\/mumtl.org\/?s={search_term_string}"},"query-input":{"@type":"PropertyValueSpecification","valueRequired":true,"valueName":"search_term_string"}}],"inLanguage":"en-US"},{"@type":"Person","@id":"https:\/\/mumtl.org\/#\/schema\/person\/14ab920af7e870b62863989fda1f84f3","name":"motto"}]}},"_links":{"self":[{"href":"https:\/\/mumtl.org\/en\/wp-json\/wp\/v2\/posts\/6131","targetHints":{"allow":["GET"]}}],"collection":[{"href":"https:\/\/mumtl.org\/en\/wp-json\/wp\/v2\/posts"}],"about":[{"href":"https:\/\/mumtl.org\/en\/wp-json\/wp\/v2\/types\/post"}],"author":[{"embeddable":true,"href":"https:\/\/mumtl.org\/en\/wp-json\/wp\/v2\/users\/1"}],"replies":[{"embeddable":true,"href":"https:\/\/mumtl.org\/en\/wp-json\/wp\/v2\/comments?post=6131"}],"version-history":[{"count":0,"href":"https:\/\/mumtl.org\/en\/wp-json\/wp\/v2\/posts\/6131\/revisions"}],"wp:featuredmedia":[{"embeddable":true,"href":"https:\/\/mumtl.org\/en\/wp-json\/wp\/v2\/media\/6127"}],"wp:attachment":[{"href":"https:\/\/mumtl.org\/en\/wp-json\/wp\/v2\/media?parent=6131"}],"wp:term":[{"taxonomy":"category","embeddable":true,"href":"https:\/\/mumtl.org\/en\/wp-json\/wp\/v2\/categories?post=6131"},{"taxonomy":"post_tag","embeddable":true,"href":"https:\/\/mumtl.org\/en\/wp-json\/wp\/v2\/tags?post=6131"}],"curies":[{"name":"wp","href":"https:\/\/api.w.org\/{rel}","templated":true}]}}